{"id":29895,"date":"2025-03-27T16:46:09","date_gmt":"2025-03-27T15:46:09","guid":{"rendered":"https:\/\/www.lfmpabuja.com\/?p=29895"},"modified":"2025-03-27T21:40:49","modified_gmt":"2025-03-27T20:40:49","slug":"semaine-de-la-presse-et-des-medias-dans-lecole","status":"publish","type":"post","link":"https:\/\/www.lfmpabuja.com\/en\/semaine-de-la-presse-et-des-medias-dans-lecole\/","title":{"rendered":"Semaine de la Presse et des M\u00e9dias dans l\u2019\u00c9cole"},"content":{"rendered":"<div data-elementor-type=\"wp-post\" data-elementor-id=\"29895\" class=\"elementor elementor-29895\">\n\t\t\t\t\t\t<section class=\"elementor-section elementor-top-section elementor-element elementor-element-b312c88 elementor-section-boxed elementor-section-height-default elementor-section-height-default\" data-id=\"b312c88\" data-element_type=\"section\" data-e-type=\"section\">\n\t\t\t\t\t\t<div class=\"elementor-container elementor-column-gap-default\">\n\t\t\t\t\t<div class=\"elementor-column elementor-col-100 elementor-top-column elementor-element elementor-element-befb525\" data-id=\"befb525\" data-element_type=\"column\" data-e-type=\"column\">\n\t\t\t<div class=\"elementor-widget-wrap elementor-element-populated\">\n\t\t\t\t\t\t<div class=\"elementor-element elementor-element-5e6f443 elementor-widget elementor-widget-image\" data-id=\"5e6f443\" data-element_type=\"widget\" data-e-type=\"widget\" data-widget_type=\"image.default\">\n\t\t\t\t<div class=\"elementor-widget-container\">\n\t\t\t\t\t\t\t\t\t\t\t\t\t\t\t<img fetchpriority=\"high\" decoding=\"async\" width=\"1024\" height=\"819\" src=\"https:\/\/www.lfmpabuja.com\/wp-content\/uploads\/2025\/03\/spme3-1024x819.jpg\" class=\"attachment-large size-large wp-image-29871\" alt=\"\" srcset=\"https:\/\/www.lfmpabuja.com\/wp-content\/uploads\/2025\/03\/spme3-1024x819.jpg 1024w, https:\/\/www.lfmpabuja.com\/wp-content\/uploads\/2025\/03\/spme3-300x240.jpg 300w, https:\/\/www.lfmpabuja.com\/wp-content\/uploads\/2025\/03\/spme3-768x614.jpg 768w, https:\/\/www.lfmpabuja.com\/wp-content\/uploads\/2025\/03\/spme3-15x12.jpg 15w, https:\/\/www.lfmpabuja.com\/wp-content\/uploads\/2025\/03\/spme3.jpg 1440w\" sizes=\"(max-width: 1024px) 100vw, 1024px\" \/>\t\t\t\t\t\t\t\t\t\t\t\t\t\t\t<\/div>\n\t\t\t\t<\/div>\n\t\t\t\t\t<\/div>\n\t\t<\/div>\n\t\t\t\t\t<\/div>\n\t\t<\/section>\n\t\t\t\t<section class=\"elementor-section elementor-top-section elementor-element elementor-element-d855d00 elementor-section-boxed elementor-section-height-default elementor-section-height-default\" data-id=\"d855d00\" data-element_type=\"section\" data-e-type=\"section\">\n\t\t\t\t\t\t<div class=\"elementor-container elementor-column-gap-default\">\n\t\t\t\t\t<div class=\"elementor-column elementor-col-100 elementor-top-column elementor-element elementor-element-c6ac06a\" data-id=\"c6ac06a\" data-element_type=\"column\" data-e-type=\"column\">\n\t\t\t<div class=\"elementor-widget-wrap elementor-element-populated\">\n\t\t\t\t\t\t<div class=\"elementor-element elementor-element-3027fe9 elementor-widget elementor-widget-text-editor\" data-id=\"3027fe9\" data-element_type=\"widget\" data-e-type=\"widget\" data-widget_type=\"text-editor.default\">\n\t\t\t\t<div class=\"elementor-widget-container\">\n\t\t\t\t\t\t\t\t\t<p>Du 24 au 28 mars 2025, le Lyc\u00e9e Fran\u00e7ais Marcel Pagnol d\u2019Abuja a c\u00e9l\u00e9br\u00e9 la Semaine de la Presse et des M\u00e9dias dans l\u2019\u00c9cole, un moment privil\u00e9gi\u00e9 pour sensibiliser nos \u00e9l\u00e8ves \u00e0 l\u2019univers du journalisme et \u00e0 l\u2019importance de l\u2019information.<br \/>La semaine a d\u00e9but\u00e9 avec une rencontre exceptionnelle : un journaliste de France 24 est venu \u00e9changer avec tous nos \u00e9l\u00e8ves \u00e0 partir du CP sur les coulisses du m\u00e9tier, le r\u00f4le des m\u00e9dias et les d\u00e9fis de l\u2019information aujourd\u2019hui. Nous avons \u00e9galement eu le plaisir de publier la 2e \u00e9dition du LFMPA NEWS, mettant en avant des articles et des r\u00e9alisations de nos \u00e9l\u00e8ves, preuve de leur engagement et de leur curiosit\u00e9 pour l\u2019actualit\u00e9.<br \/>Les \u00e9l\u00e8ves du primaire n\u2019\u00e9taient pas en reste ! Ils ont men\u00e9 avec brio une interview podcast du directeur de l\u2019\u00e9cole primaire, pr\u00e9parant minutieusement leurs questions et s\u2019initiant aux techniques de l\u2019interview journalistique.<br \/>Enfin, la biblioth\u00e8que s\u2019est transform\u00e9e en un v\u00e9ritable espace d\u2019exposition, mettant en lumi\u00e8re l\u2019histoire de la presse, l\u2019\u00e9volution des m\u00e9dias et le travail des \u00e9l\u00e8ves autour de la libert\u00e9 d\u2019expression et du d\u00e9cryptage de l\u2019information.<\/p>\t\t\t\t\t\t\t\t<\/div>\n\t\t\t\t<\/div>\n\t\t\t\t\t<\/div>\n\t\t<\/div>\n\t\t\t\t\t<\/div>\n\t\t<\/section>\n\t\t\t\t<section class=\"elementor-section elementor-top-section elementor-element elementor-element-a21f892 elementor-section-boxed elementor-section-height-default elementor-section-height-default\" data-id=\"a21f892\" data-element_type=\"section\" data-e-type=\"section\">\n\t\t\t\t\t\t<div class=\"elementor-container elementor-column-gap-default\">\n\t\t\t\t\t<div class=\"elementor-column elementor-col-50 elementor-top-column elementor-element elementor-element-092d373\" data-id=\"092d373\" data-element_type=\"column\" data-e-type=\"column\">\n\t\t\t<div class=\"elementor-widget-wrap elementor-element-populated\">\n\t\t\t\t\t\t<div class=\"elementor-element elementor-element-a77c691 elementor-widget elementor-widget-image\" data-id=\"a77c691\" data-element_type=\"widget\" data-e-type=\"widget\" data-widget_type=\"image.default\">\n\t\t\t\t<div class=\"elementor-widget-container\">\n\t\t\t\t\t\t\t\t\t\t\t\t\t\t\t<img decoding=\"async\" width=\"1024\" height=\"819\" src=\"https:\/\/www.lfmpabuja.com\/wp-content\/uploads\/2025\/03\/spme1-1024x819.jpg\" class=\"attachment-large size-large wp-image-29870\" alt=\"\" srcset=\"https:\/\/www.lfmpabuja.com\/wp-content\/uploads\/2025\/03\/spme1-1024x819.jpg 1024w, https:\/\/www.lfmpabuja.com\/wp-content\/uploads\/2025\/03\/spme1-300x240.jpg 300w, https:\/\/www.lfmpabuja.com\/wp-content\/uploads\/2025\/03\/spme1-768x614.jpg 768w, https:\/\/www.lfmpabuja.com\/wp-content\/uploads\/2025\/03\/spme1-15x12.jpg 15w, https:\/\/www.lfmpabuja.com\/wp-content\/uploads\/2025\/03\/spme1.jpg 1440w\" sizes=\"(max-width: 1024px) 100vw, 1024px\" \/>\t\t\t\t\t\t\t\t\t\t\t\t\t\t\t<\/div>\n\t\t\t\t<\/div>\n\t\t\t\t\t<\/div>\n\t\t<\/div>\n\t\t\t\t<div class=\"elementor-column elementor-col-50 elementor-top-column elementor-element elementor-element-8f0824f\" data-id=\"8f0824f\" data-element_type=\"column\" data-e-type=\"column\">\n\t\t\t<div class=\"elementor-widget-wrap elementor-element-populated\">\n\t\t\t\t\t\t<div class=\"elementor-element elementor-element-4de98b9 elementor-widget elementor-widget-image\" data-id=\"4de98b9\" data-element_type=\"widget\" data-e-type=\"widget\" data-widget_type=\"image.default\">\n\t\t\t\t<div class=\"elementor-widget-container\">\n\t\t\t\t\t\t\t\t\t\t\t\t\t\t\t<img decoding=\"async\" width=\"1024\" height=\"819\" src=\"https:\/\/www.lfmpabuja.com\/wp-content\/uploads\/2025\/03\/spme-1024x819.jpg\" class=\"attachment-large size-large wp-image-29869\" alt=\"\" srcset=\"https:\/\/www.lfmpabuja.com\/wp-content\/uploads\/2025\/03\/spme-1024x819.jpg 1024w, https:\/\/www.lfmpabuja.com\/wp-content\/uploads\/2025\/03\/spme-300x240.jpg 300w, https:\/\/www.lfmpabuja.com\/wp-content\/uploads\/2025\/03\/spme-768x614.jpg 768w, https:\/\/www.lfmpabuja.com\/wp-content\/uploads\/2025\/03\/spme-15x12.jpg 15w, https:\/\/www.lfmpabuja.com\/wp-content\/uploads\/2025\/03\/spme.jpg 1440w\" sizes=\"(max-width: 1024px) 100vw, 1024px\" \/>\t\t\t\t\t\t\t\t\t\t\t\t\t\t\t<\/div>\n\t\t\t\t<\/div>\n\t\t\t\t\t<\/div>\n\t\t<\/div>\n\t\t\t\t\t<\/div>\n\t\t<\/section>\n\t\t\t\t<\/div>","protected":false},"excerpt":{"rendered":"<p>Du 24 au 28 mars 2025, le Lyc\u00e9e Fran\u00e7ais Marcel Pagnol d\u2019Abuja a c\u00e9l\u00e9br\u00e9 la Semaine de la Presse et des M\u00e9dias dans l\u2019\u00c9cole, un moment privil\u00e9gi\u00e9 pour sensibiliser nos \u00e9l\u00e8ves \u00e0 l\u2019univers du journalisme et \u00e0 l\u2019importance de l\u2019information.La semaine a d\u00e9but\u00e9 avec une rencontre exceptionnelle : un journaliste de France 24 est venu [&hellip;]<\/p>\n","protected":false},"author":1,"featured_media":0,"comment_status":"closed","ping_status":"closed","sticky":false,"template":"","format":"standard","meta":{"_monsterinsights_skip_tracking":false,"_monsterinsights_sitenote_active":false,"_monsterinsights_sitenote_note":"","_monsterinsights_sitenote_category":0,"site-sidebar-layout":"default","site-content-layout":"","ast-site-content-layout":"default","site-content-style":"default","site-sidebar-style":"default","ast-global-header-display":"","ast-banner-title-visibility":"","ast-main-header-display":"","ast-hfb-above-header-display":"","ast-hfb-below-header-display":"","ast-hfb-mobile-header-display":"","site-post-title":"","ast-breadcrumbs-content":"","ast-featured-img":"","footer-sml-layout":"","ast-disable-related-posts":"","theme-transparent-header-meta":"","adv-header-id-meta":"","stick-header-meta":"","header-above-stick-meta":"","header-main-stick-meta":"","header-below-stick-meta":"","astra-migrate-meta-layouts":"default","ast-page-background-enabled":"default","ast-page-background-meta":{"desktop":{"background-color":"","background-image":"","background-repeat":"repeat","background-position":"center center","background-size":"auto","background-attachment":"scroll","background-type":"","background-media":"","overlay-type":"","overlay-color":"","overlay-opacity":"","overlay-gradient":""},"tablet":{"background-color":"","background-image":"","background-repeat":"repeat","background-position":"center center","background-size":"auto","background-attachment":"scroll","background-type":"","background-media":"","overlay-type":"","overlay-color":"","overlay-opacity":"","overlay-gradient":""},"mobile":{"background-color":"","background-image":"","background-repeat":"repeat","background-position":"center center","background-size":"auto","background-attachment":"scroll","background-type":"","background-media":"","overlay-type":"","overlay-color":"","overlay-opacity":"","overlay-gradient":""}},"ast-content-background-meta":{"desktop":{"background-color":"var(--ast-global-color-5)","background-image":"","background-repeat":"repeat","background-position":"center center","background-size":"auto","background-attachment":"scroll","background-type":"","background-media":"","overlay-type":"","overlay-color":"","overlay-opacity":"","overlay-gradient":""},"tablet":{"background-color":"var(--ast-global-color-5)","background-image":"","background-repeat":"repeat","background-position":"center center","background-size":"auto","background-attachment":"scroll","background-type":"","background-media":"","overlay-type":"","overlay-color":"","overlay-opacity":"","overlay-gradient":""},"mobile":{"background-color":"var(--ast-global-color-5)","background-image":"","background-repeat":"repeat","background-position":"center center","background-size":"auto","background-attachment":"scroll","background-type":"","background-media":"","overlay-type":"","overlay-color":"","overlay-opacity":"","overlay-gradient":""}},"footnotes":""},"categories":[1],"tags":[],"class_list":["post-29895","post","type-post","status-publish","format-standard","hentry","category-uncategorized"],"_links":{"self":[{"href":"https:\/\/www.lfmpabuja.com\/en\/wp-json\/wp\/v2\/posts\/29895","targetHints":{"allow":["GET"]}}],"collection":[{"href":"https:\/\/www.lfmpabuja.com\/en\/wp-json\/wp\/v2\/posts"}],"about":[{"href":"https:\/\/www.lfmpabuja.com\/en\/wp-json\/wp\/v2\/types\/post"}],"author":[{"embeddable":true,"href":"https:\/\/www.lfmpabuja.com\/en\/wp-json\/wp\/v2\/users\/1"}],"replies":[{"embeddable":true,"href":"https:\/\/www.lfmpabuja.com\/en\/wp-json\/wp\/v2\/comments?post=29895"}],"version-history":[{"count":6,"href":"https:\/\/www.lfmpabuja.com\/en\/wp-json\/wp\/v2\/posts\/29895\/revisions"}],"predecessor-version":[{"id":29902,"href":"https:\/\/www.lfmpabuja.com\/en\/wp-json\/wp\/v2\/posts\/29895\/revisions\/29902"}],"wp:attachment":[{"href":"https:\/\/www.lfmpabuja.com\/en\/wp-json\/wp\/v2\/media?parent=29895"}],"wp:term":[{"taxonomy":"category","embeddable":true,"href":"https:\/\/www.lfmpabuja.com\/en\/wp-json\/wp\/v2\/categories?post=29895"},{"taxonomy":"post_tag","embeddable":true,"href":"https:\/\/www.lfmpabuja.com\/en\/wp-json\/wp\/v2\/tags?post=29895"}],"curies":[{"name":"wp","href":"https:\/\/api.w.org\/{rel}","templated":true}]}}